{"id":6624,"date":"2023-07-10T15:36:18","date_gmt":"2023-07-10T15:36:18","guid":{"rendered":"http:\/\/www.epefrance.org\/?p=6624"},"modified":"2023-09-15T09:03:04","modified_gmt":"2023-09-15T09:03:04","slug":"concurso-fotografico-de-leitura-2023-eugenio-de-andrade","status":"publish","type":"post","link":"https:\/\/www.epefrance.org\/fr\/concurso\/concurso-fotografico-de-leitura-2023-eugenio-de-andrade\/","title":{"rendered":"Concurso Fotogr\u00e1fico de Leitura 2023 \u2013 Eug\u00e9nio de Andrade"},"content":{"rendered":"<p>No \u00e2mbito do Centen\u00e1rio do nascimento de Eug\u00e9nio de Andrade, este ano para o Concurso Fotogr\u00e1fico de Leitura, os alunos foram desafiados a escolherem um excerto de uma das obras do poeta e a realizarem um v\u00eddeo com tr\u00eas fotografias da sua autoria.<\/p>\n<p>Neste concurso, existiram duas categorias: CM2\/Coll\u00e8ge e Lyc\u00e9e.<\/p>\n<p>Agradecemos \u00e0 realizadora\u00a0<a href=\"https:\/\/www.facebook.com\/anaisabel.freitas.92?__cft__%5B0%5D=AZW-J5Nxa4gKUhf1HLqCAmzzJy8o2BtS5L6Rnckdyud3T7-Nf_oKQEDWBFnMhS_b5_TQ0OEZmD3ZXvK-_mzn_z7y5lwN4SXYZ2sg4i7grT4NYNmhLjAASJHusg7hxcNVTE02gO3TAWyLEMFYWTCAlu66&#038;__tn__=-%5DK-R\"><strong>Ana Isabel Freitas<\/strong><\/a>, Presidente do J\u00fari, a disponibilidade e a colabora\u00e7\u00e3o na an\u00e1lise dos trabalhos recebidos.<\/p>\n<p>Parab\u00e9ns a todos os participantes!<\/p>\n<p>Partilhamos convosco os trabalhos premiados na categoria CM2\/Coll\u00e8ge.<\/p>\n<p><iframe loading=\"lazy\" title=\"Concurso Fotogr\u00e1fico de leitura 2023- Eug\u00e9nio de Andrade - Categoria CM2-Coll\u00e8ge\" width=\"500\" height=\"281\" src=\"https:\/\/www.youtube.com\/embed\/UKXnNwe0eVc?feature=oembed\" frameborder=\"0\" allow=\"accelerometer; autoplay; clipboard-write; encrypted-media; gyroscope; picture-in-picture; web-share\" referrerpolicy=\"strict-origin-when-cross-origin\" allowfullscreen><\/iframe><\/p>\n","protected":false},"excerpt":{"rendered":"<p>No \u00e2mbito do Centen\u00e1rio do nascimento de Eug\u00e9nio de Andrade, este ano para o Concurso Fotogr\u00e1fico de Leitura, os alunos foram desafiados a escolherem um excerto de uma das obras do poeta e a realizarem um v\u00eddeo com tr\u00eas fotografias da sua autoria. Neste concurso, existiram duas categorias: CM2\/Coll\u00e8ge e Lyc\u00e9e. Agradecemos \u00e0 realizadora\u00a0Ana Isabel [&hellip;]<\/p>\n","protected":false},"author":1,"featured_media":6625,"comment_status":"open","ping_status":"closed","sticky":false,"template":"","format":"standard","meta":{"_acf_changed":false,"footnotes":""},"categories":[8],"tags":[],"class_list":["post-6624","post","type-post","status-publish","format-standard","has-post-thumbnail","hentry","category-concurso"],"acf":[],"_links":{"self":[{"href":"https:\/\/www.epefrance.org\/fr\/wp-json\/wp\/v2\/posts\/6624","targetHints":{"allow":["GET"]}}],"collection":[{"href":"https:\/\/www.epefrance.org\/fr\/wp-json\/wp\/v2\/posts"}],"about":[{"href":"https:\/\/www.epefrance.org\/fr\/wp-json\/wp\/v2\/types\/post"}],"author":[{"embeddable":true,"href":"https:\/\/www.epefrance.org\/fr\/wp-json\/wp\/v2\/users\/1"}],"replies":[{"embeddable":true,"href":"https:\/\/www.epefrance.org\/fr\/wp-json\/wp\/v2\/comments?post=6624"}],"version-history":[{"count":3,"href":"https:\/\/www.epefrance.org\/fr\/wp-json\/wp\/v2\/posts\/6624\/revisions"}],"predecessor-version":[{"id":6653,"href":"https:\/\/www.epefrance.org\/fr\/wp-json\/wp\/v2\/posts\/6624\/revisions\/6653"}],"wp:featuredmedia":[{"embeddable":true,"href":"https:\/\/www.epefrance.org\/fr\/wp-json\/wp\/v2\/media\/6625"}],"wp:attachment":[{"href":"https:\/\/www.epefrance.org\/fr\/wp-json\/wp\/v2\/media?parent=6624"}],"wp:term":[{"taxonomy":"category","embeddable":true,"href":"https:\/\/www.epefrance.org\/fr\/wp-json\/wp\/v2\/categories?post=6624"},{"taxonomy":"post_tag","embeddable":true,"href":"https:\/\/www.epefrance.org\/fr\/wp-json\/wp\/v2\/tags?post=6624"}],"curies":[{"name":"wp","href":"https:\/\/api.w.org\/{rel}","templated":true}]}}