{"id":6909,"date":"2023-11-22T10:41:53","date_gmt":"2023-11-22T10:41:53","guid":{"rendered":"https:\/\/www.epefrance.org\/?p=6909"},"modified":"2023-11-25T19:51:40","modified_gmt":"2023-11-25T19:51:40","slug":"portas-abertas-college-lycee-montaigne-paris","status":"publish","type":"post","link":"https:\/\/www.epefrance.org\/fr\/seccao-internacional-portuguesa\/portas-abertas-college-lycee-montaigne-paris\/","title":{"rendered":"Portas Abertas Coll\u00e8ge-Lyc\u00e9e Montaigne &#8211; Paris"},"content":{"rendered":"<div class=\"x11i5rnm xat24cr x1mh8g0r x1vvkbs xtlvy1s x126k92a\">\n<p dir=\"auto\"><span style=\"color: #000000;\">O seu filho tem aulas de portugu\u00eas?<\/span><\/p>\n<p dir=\"auto\"><span style=\"color: #000000;\">Conhece as Sec\u00e7\u00f5es Internacionais Portuguesas? <\/span><span style=\"color: #000000;\">Para mais informa\u00e7\u00f5es e perceber como funciona este tipo de ensino, convid\u00e1mo-lo a participar nas <strong>Portas Abertas do Coll\u00e8ge-Lyc\u00e9e Montaigne<\/strong> que se realizam no dia <strong>25 de novembro, entre as 8h40 e as 12h00<\/strong>.<\/span><\/p>\n<\/div>\n<div class=\"x11i5rnm xat24cr x1mh8g0r x1vvkbs xtlvy1s x126k92a\">\n<p dir=\"auto\"><span style=\"color: #000000;\">Coll\u00e8ge-Lyc\u00e9e Montaigne<br \/>\n<\/span><span style=\"color: #000000;\">17 rue Auguste Comte<br \/>\n<\/span><span style=\"color: #000000;\">75006 Paris<\/span><\/p>\n<\/div>\n","protected":false},"excerpt":{"rendered":"<p>O seu filho tem aulas de portugu\u00eas? Conhece as Sec\u00e7\u00f5es Internacionais Portuguesas? Para mais informa\u00e7\u00f5es e perceber como funciona este tipo de ensino, convid\u00e1mo-lo a participar nas Portas Abertas do Coll\u00e8ge-Lyc\u00e9e Montaigne que se realizam no dia 25 de novembro, entre as 8h40 e as 12h00. Coll\u00e8ge-Lyc\u00e9e Montaigne 17 rue Auguste Comte 75006 Paris<\/p>\n","protected":false},"author":2,"featured_media":6910,"comment_status":"open","ping_status":"closed","sticky":false,"template":"","format":"standard","meta":{"_acf_changed":false,"footnotes":""},"categories":[26],"tags":[],"class_list":["post-6909","post","type-post","status-publish","format-standard","has-post-thumbnail","hentry","category-seccao-internacional-portuguesa"],"acf":[],"_links":{"self":[{"href":"https:\/\/www.epefrance.org\/fr\/wp-json\/wp\/v2\/posts\/6909","targetHints":{"allow":["GET"]}}],"collection":[{"href":"https:\/\/www.epefrance.org\/fr\/wp-json\/wp\/v2\/posts"}],"about":[{"href":"https:\/\/www.epefrance.org\/fr\/wp-json\/wp\/v2\/types\/post"}],"author":[{"embeddable":true,"href":"https:\/\/www.epefrance.org\/fr\/wp-json\/wp\/v2\/users\/2"}],"replies":[{"embeddable":true,"href":"https:\/\/www.epefrance.org\/fr\/wp-json\/wp\/v2\/comments?post=6909"}],"version-history":[{"count":3,"href":"https:\/\/www.epefrance.org\/fr\/wp-json\/wp\/v2\/posts\/6909\/revisions"}],"predecessor-version":[{"id":7000,"href":"https:\/\/www.epefrance.org\/fr\/wp-json\/wp\/v2\/posts\/6909\/revisions\/7000"}],"wp:featuredmedia":[{"embeddable":true,"href":"https:\/\/www.epefrance.org\/fr\/wp-json\/wp\/v2\/media\/6910"}],"wp:attachment":[{"href":"https:\/\/www.epefrance.org\/fr\/wp-json\/wp\/v2\/media?parent=6909"}],"wp:term":[{"taxonomy":"category","embeddable":true,"href":"https:\/\/www.epefrance.org\/fr\/wp-json\/wp\/v2\/categories?post=6909"},{"taxonomy":"post_tag","embeddable":true,"href":"https:\/\/www.epefrance.org\/fr\/wp-json\/wp\/v2\/tags?post=6909"}],"curies":[{"name":"wp","href":"https:\/\/api.w.org\/{rel}","templated":true}]}}