{"id":6916,"date":"2023-11-22T10:50:15","date_gmt":"2023-11-22T10:50:15","guid":{"rendered":"https:\/\/www.epefrance.org\/?p=6916"},"modified":"2024-02-05T16:30:11","modified_gmt":"2024-02-05T16:30:11","slug":"viagem-escolar-alunos-da-sip-de-balzac-dia-1","status":"publish","type":"post","link":"https:\/\/www.epefrance.org\/fr\/seccao-internacional-portuguesa\/viagem-escolar-alunos-da-sip-de-balzac-dia-1\/","title":{"rendered":"Viagem escolar &#8211; alunos da SIP de Balzac &#8211; Dia 1"},"content":{"rendered":"<div class=\"x11i5rnm xat24cr x1mh8g0r x1vvkbs xtlvy1s x126k92a\">\n<div dir=\"auto\">Os alunos do Ensino Secund\u00e1rio da sec\u00e7\u00e3o portuguesa da Cit\u00e9 Scolaire Internationale Honor\u00e9 de Balzac chegaram hoje ao ensoleirado Porto para darem in\u00edcio ao primeiro dia da viagem escolar intitulada \u201cPaisagens e Encontros\u201d. Esta viagem organizada pelas professoras da sec\u00e7\u00e3o tem como objetivo principal otimizar conhecimentos comunicativos, culturais e sociais no \u00e2mbito das disciplinas \u201cApprofondissement Culturel et Linguistique\u201d, \u201dConnaissances du Monde\u201d e Hist\u00f3ria e Geografia.<\/div>\n<div dir=\"auto\">A visita come\u00e7ou de manh\u00e3, cheia de entusiasmo, com a Livraria Lello, prosseguindo ao longo do dia com experi\u00eancias e descobertas enriquecedoras. O final do dia culminou com uma visita \u00e0 t\u00e3o prestigiosa Esta\u00e7\u00e3o de S\u00e3o Bento.<\/div>\n<div dir=\"auto\"><\/div>\n<\/div>\n<div dir=\"auto\">\n\r\n\t\t<style type='text\/css'>\r\n\t\t\t#gallery-1 {\r\n\t\t\t\tmargin: auto;\r\n\t\t\t}\r\n\t\t\t#gallery-1 .gallery-item {\r\n\t\t\t\tfloat: left;\r\n\t\t\t\tmargin-top: 10px;\r\n\t\t\t\ttext-align: center;\r\n\t\t\t\twidth: 33%;\r\n\t\t\t}\r\n\t\t\t#gallery-1 img {\r\n\t\t\t\tborder: 2px solid #cfcfcf;\r\n\t\t\t}\r\n\t\t\t#gallery-1 .gallery-caption {\r\n\t\t\t\tmargin-left: 0;\r\n\t\t\t}\r\n\t\t\t\/* see gallery_shortcode() in wp-includes\/media.php *\/\r\n\t\t<\/style>\n\t\t<div id='gallery-1' class='gallery galleryid-6916 gallery-columns-3 gallery-size-thumbnail'><dl class='gallery-item'>\r\n\t\t\t<dt class='gallery-icon portrait'>\r\n\t\t\t\t<a href='https:\/\/www.epefrance.org\/wp-content\/uploads\/2023\/11\/11-Ponte-1.jpg'><img loading=\"lazy\" decoding=\"async\" width=\"150\" height=\"150\" src=\"https:\/\/www.epefrance.org\/wp-content\/uploads\/2023\/11\/11-Ponte-1-150x150.jpg\" class=\"attachment-thumbnail size-thumbnail\" alt=\"\" \/><\/a>\r\n\t\t\t<\/dt><\/dl><dl class='gallery-item'>\r\n\t\t\t<dt class='gallery-icon landscape'>\r\n\t\t\t\t<a href='https:\/\/www.epefrance.org\/wp-content\/uploads\/2023\/11\/5-eletrico.jpg'><img loading=\"lazy\" decoding=\"async\" width=\"150\" height=\"150\" src=\"https:\/\/www.epefrance.org\/wp-content\/uploads\/2023\/11\/5-eletrico-150x150.jpg\" class=\"attachment-thumbnail size-thumbnail\" alt=\"\" \/><\/a>\r\n\t\t\t<\/dt><\/dl><dl class='gallery-item'>\r\n\t\t\t<dt class='gallery-icon portrait'>\r\n\t\t\t\t<a href='https:\/\/www.epefrance.org\/wp-content\/uploads\/2023\/11\/4-Palacio-da-Bolsa.jpg'><img loading=\"lazy\" decoding=\"async\" width=\"150\" height=\"150\" src=\"https:\/\/www.epefrance.org\/wp-content\/uploads\/2023\/11\/4-Palacio-da-Bolsa-150x150.jpg\" class=\"attachment-thumbnail size-thumbnail\" alt=\"\" \/><\/a>\r\n\t\t\t<\/dt><\/dl><br style=\"clear: both\" \/><dl class='gallery-item'>\r\n\t\t\t<dt class='gallery-icon portrait'>\r\n\t\t\t\t<a href='https:\/\/www.epefrance.org\/wp-content\/uploads\/2023\/11\/8-Caves-1.jpg'><img loading=\"lazy\" decoding=\"async\" width=\"150\" height=\"150\" src=\"https:\/\/www.epefrance.org\/wp-content\/uploads\/2023\/11\/8-Caves-1-150x150.jpg\" class=\"attachment-thumbnail size-thumbnail\" alt=\"\" \/><\/a>\r\n\t\t\t<\/dt><\/dl><dl class='gallery-item'>\r\n\t\t\t<dt class='gallery-icon landscape'>\r\n\t\t\t\t<a href='https:\/\/www.epefrance.org\/wp-content\/uploads\/2023\/11\/2-Livraria-Lello-1.jpg'><img loading=\"lazy\" decoding=\"async\" width=\"150\" height=\"150\" src=\"https:\/\/www.epefrance.org\/wp-content\/uploads\/2023\/11\/2-Livraria-Lello-1-150x150.jpg\" class=\"attachment-thumbnail size-thumbnail\" alt=\"\" \/><\/a>\r\n\t\t\t<\/dt><\/dl><dl class='gallery-item'>\r\n\t\t\t<dt class='gallery-icon portrait'>\r\n\t\t\t\t<a href='https:\/\/www.epefrance.org\/wp-content\/uploads\/2023\/11\/13-Majestic-Cafe.jpg'><img loading=\"lazy\" decoding=\"async\" width=\"150\" height=\"150\" src=\"https:\/\/www.epefrance.org\/wp-content\/uploads\/2023\/11\/13-Majestic-Cafe-150x150.jpg\" class=\"attachment-thumbnail size-thumbnail\" alt=\"\" \/><\/a>\r\n\t\t\t<\/dt><\/dl><br style=\"clear: both\" \/><\/div>\n\n<\/div>\n<div class=\"x11i5rnm xat24cr x1mh8g0r x1vvkbs xtlvy1s x126k92a\">\n<div dir=\"auto\"><\/div>\n<div dir=\"auto\">Maria Piedade Favero<\/div>\n<div dir=\"auto\">Professora de Portugu\u00eas<\/div>\n<\/div>\n","protected":false},"excerpt":{"rendered":"<p>Os alunos do Ensino Secund\u00e1rio da sec\u00e7\u00e3o portuguesa da Cit\u00e9 Scolaire Internationale Honor\u00e9 de Balzac chegaram hoje ao ensoleirado Porto para darem in\u00edcio ao primeiro dia da viagem escolar intitulada \u201cPaisagens e Encontros\u201d. Esta viagem organizada pelas professoras da sec\u00e7\u00e3o tem como objetivo principal otimizar conhecimentos comunicativos, culturais e sociais no \u00e2mbito das disciplinas \u201cApprofondissement [&hellip;]<\/p>\n","protected":false},"author":2,"featured_media":6917,"comment_status":"open","ping_status":"closed","sticky":false,"template":"","format":"standard","meta":{"_acf_changed":false,"footnotes":""},"categories":[26],"tags":[],"class_list":["post-6916","post","type-post","status-publish","format-standard","has-post-thumbnail","hentry","category-seccao-internacional-portuguesa"],"acf":[],"_links":{"self":[{"href":"https:\/\/www.epefrance.org\/fr\/wp-json\/wp\/v2\/posts\/6916","targetHints":{"allow":["GET"]}}],"collection":[{"href":"https:\/\/www.epefrance.org\/fr\/wp-json\/wp\/v2\/posts"}],"about":[{"href":"https:\/\/www.epefrance.org\/fr\/wp-json\/wp\/v2\/types\/post"}],"author":[{"embeddable":true,"href":"https:\/\/www.epefrance.org\/fr\/wp-json\/wp\/v2\/users\/2"}],"replies":[{"embeddable":true,"href":"https:\/\/www.epefrance.org\/fr\/wp-json\/wp\/v2\/comments?post=6916"}],"version-history":[{"count":4,"href":"https:\/\/www.epefrance.org\/fr\/wp-json\/wp\/v2\/posts\/6916\/revisions"}],"predecessor-version":[{"id":7079,"href":"https:\/\/www.epefrance.org\/fr\/wp-json\/wp\/v2\/posts\/6916\/revisions\/7079"}],"wp:featuredmedia":[{"embeddable":true,"href":"https:\/\/www.epefrance.org\/fr\/wp-json\/wp\/v2\/media\/6917"}],"wp:attachment":[{"href":"https:\/\/www.epefrance.org\/fr\/wp-json\/wp\/v2\/media?parent=6916"}],"wp:term":[{"taxonomy":"category","embeddable":true,"href":"https:\/\/www.epefrance.org\/fr\/wp-json\/wp\/v2\/categories?post=6916"},{"taxonomy":"post_tag","embeddable":true,"href":"https:\/\/www.epefrance.org\/fr\/wp-json\/wp\/v2\/tags?post=6916"}],"curies":[{"name":"wp","href":"https:\/\/api.w.org\/{rel}","templated":true}]}}