{"id":7122,"date":"2025-05-06T10:27:22","date_gmt":"2025-05-06T10:27:22","guid":{"rendered":"https:\/\/www.epefrance.org\/?p=7122"},"modified":"2025-05-06T14:41:49","modified_gmt":"2025-05-06T14:41:49","slug":"estudar-em-portugal-contingente-especial-7","status":"publish","type":"post","link":"https:\/\/www.epefrance.org\/fr\/contingente-especial-7\/estudar-em-portugal-contingente-especial-7\/","title":{"rendered":"Estudar em Portugal &#8211; Contingente especial 7%"},"content":{"rendered":"<h3 class=\"title-2\">Contingente Priorit\u00e1rio para Candidatos Emigrantes Portugueses, Familiares que com eles residam e Lusodescendentes<\/h3>\n<div id=\"imagem-basica\"><span style=\"color: #000000;\"><span class=\"xcontentpasted1\"><br \/>\nPara candidatos com ensino secund\u00e1rio e provas de ingresso estrangeiras, a apresenta\u00e7\u00e3o da candidatura \u00e0 1.\u00aa fase do concurso nacional 2025 ocorrer\u00e1 entre 21 e 28<\/span><\/span><span style=\"color: #000000;\"><span class=\"xcontentpasted1\"> de julho. A candidatura \u00e0 2.\u00aa fase ocorrer\u00e1 entre 25 de agosto e 3 de setembro (datas aguardam publica\u00e7\u00e3o do calend\u00e1rio em Di\u00e1rio da Republica).<\/span><\/span><\/div>\n<div id=\"body-basica\" class=\"text\">\n<div class=\"field field-name-body field-type-text-with-summary field-label-hidden\">\n<div class=\"field-items\">\n<div class=\"field-item even\">\n<ol>\n<li>\n<p class=\"rtejustify\"><strong><a href=\"https:\/\/www.dges.gov.pt\/pt\/pagina\/contingente-especial-para-candidatos-emigrantes-portugueses-e-familiares-que-com-eles-residam#nocao\">No\u00e7\u00e3o de Emigrante, Familiar de Emigrante Portugu\u00eas e Lusodescendente<\/a><\/strong><\/p>\n<\/li>\n<li>\n<p class=\"rtejustify\"><strong><a href=\"https:\/\/www.dges.gov.pt\/pt\/pagina\/contingente-especial-para-candidatos-emigrantes-portugueses-e-familiares-que-com-eles-residam#condicoes\">Condi\u00e7\u00f5es de Candidatura<\/a><\/strong><\/p>\n<\/li>\n<li>\n<p class=\"rtejustify\"><strong><a href=\"https:\/\/www.dges.gov.pt\/pt\/pagina\/contingente-especial-para-candidatos-emigrantes-portugueses-e-familiares-que-com-eles-residam#cand\">Candidatura ao Ensino Superior<\/a><\/strong><\/p>\n<\/li>\n<li>\n<p class=\"rtejustify\"><strong><a href=\"https:\/\/www.dges.gov.pt\/pt\/pagina\/contingente-especial-para-candidatos-emigrantes-portugueses-e-familiares-que-com-eles-residam#instr\">Instru\u00e7\u00e3o da Candidatura<\/a><\/strong><\/p>\n<\/li>\n<\/ol>\n<\/div>\n<\/div>\n<\/div>\n<\/div>\n<p>&nbsp;<\/p>\n<p><strong><span style=\"color: #b50027;\"><span style=\"color: #000000;\">Pode aceder \u00e0 informa\u00e7\u00e3o completa no site da DGES (Dire\u00e7\u00e3o-Geral do Ensino Superior):<\/span> <a style=\"color: #b50027;\" href=\"https:\/\/www.dges.gov.pt\/pt\/pagina\/contingente-especial-para-candidatos-emigrantes-portugueses-e-familiares-que-com-eles-residam\" target=\"_blank\" rel=\"noopener\">https:\/\/www.dges.gov.pt\/pt\/pagina\/contingente-especial-para-candidatos-emigrantes-portugueses-e-familiares-que-com-eles-residam<\/a><\/span><\/strong><\/p>\n","protected":false},"excerpt":{"rendered":"<p>Contingente Priorit\u00e1rio para Candidatos Emigrantes Portugueses, Familiares que com eles residam e Lusodescendentes Para candidatos com ensino secund\u00e1rio e provas de ingresso estrangeiras, a apresenta\u00e7\u00e3o da candidatura \u00e0 1.\u00aa fase do concurso nacional 2025 ocorrer\u00e1 entre 21 e 28 de julho. A candidatura \u00e0 2.\u00aa fase ocorrer\u00e1 entre 25 de agosto e 3 de setembro [&hellip;]<\/p>\n","protected":false},"author":2,"featured_media":7141,"comment_status":"open","ping_status":"closed","sticky":false,"template":"","format":"standard","meta":{"_acf_changed":false,"footnotes":""},"categories":[60],"tags":[],"class_list":["post-7122","post","type-post","status-publish","format-standard","has-post-thumbnail","hentry","category-contingente-especial-7"],"acf":[],"_links":{"self":[{"href":"https:\/\/www.epefrance.org\/fr\/wp-json\/wp\/v2\/posts\/7122","targetHints":{"allow":["GET"]}}],"collection":[{"href":"https:\/\/www.epefrance.org\/fr\/wp-json\/wp\/v2\/posts"}],"about":[{"href":"https:\/\/www.epefrance.org\/fr\/wp-json\/wp\/v2\/types\/post"}],"author":[{"embeddable":true,"href":"https:\/\/www.epefrance.org\/fr\/wp-json\/wp\/v2\/users\/2"}],"replies":[{"embeddable":true,"href":"https:\/\/www.epefrance.org\/fr\/wp-json\/wp\/v2\/comments?post=7122"}],"version-history":[{"count":22,"href":"https:\/\/www.epefrance.org\/fr\/wp-json\/wp\/v2\/posts\/7122\/revisions"}],"predecessor-version":[{"id":7537,"href":"https:\/\/www.epefrance.org\/fr\/wp-json\/wp\/v2\/posts\/7122\/revisions\/7537"}],"wp:featuredmedia":[{"embeddable":true,"href":"https:\/\/www.epefrance.org\/fr\/wp-json\/wp\/v2\/media\/7141"}],"wp:attachment":[{"href":"https:\/\/www.epefrance.org\/fr\/wp-json\/wp\/v2\/media?parent=7122"}],"wp:term":[{"taxonomy":"category","embeddable":true,"href":"https:\/\/www.epefrance.org\/fr\/wp-json\/wp\/v2\/categories?post=7122"},{"taxonomy":"post_tag","embeddable":true,"href":"https:\/\/www.epefrance.org\/fr\/wp-json\/wp\/v2\/tags?post=7122"}],"curies":[{"name":"wp","href":"https:\/\/api.w.org\/{rel}","templated":true}]}}