{"id":7207,"date":"2024-04-20T16:42:38","date_gmt":"2024-04-20T16:42:38","guid":{"rendered":"https:\/\/www.epefrance.org\/?p=7207"},"modified":"2024-08-23T20:27:16","modified_gmt":"2024-08-23T20:27:16","slug":"exposicao-dos-50-anos-dos-25-de-abril-no-consulado-geral-de-portugal-em-lyon","status":"publish","type":"post","link":"https:\/\/www.epefrance.org\/fr\/noticia\/exposicao-dos-50-anos-dos-25-de-abril-no-consulado-geral-de-portugal-em-lyon\/","title":{"rendered":"Exposi\u00e7\u00e3o dos 50 anos dos 25 de abril no Consulado Geral de Portugal em Lyon"},"content":{"rendered":"<div class=\"x11i5rnm xat24cr x1mh8g0r x1vvkbs xtlvy1s x126k92a\">\n<div dir=\"auto\">No dia 15 de abril, os professores da zona de Lyon, Catarina Martins, Cristelle Patr\u00edcio, Cristina S\u00e9rio, Lu\u00eds Viveiros Nair Ferreira, Raquel Nicolau, S\u00e9rgio Vieira e S\u00edlvia Paredes organizaram, com o apoio do Sr. C\u00f4nsul Geral, Andr\u00e9 Sobral Cordeiro, uma exposi\u00e7\u00e3o sobre os \u00ab\u00a050 anos do 25 de abril\u00a0\u00bb com os trabalhos elaborados pelos seus alunos alusivos ao tema.<\/div>\n<\/div>\n<div class=\"x11i5rnm xat24cr x1mh8g0r x1vvkbs xtlvy1s x126k92a\">\n<div dir=\"auto\"><\/div>\n<\/div>\n<div dir=\"auto\"><\/div>\n<div dir=\"auto\">\n\r\n\t\t<style type='text\/css'>\r\n\t\t\t#gallery-1 {\r\n\t\t\t\tmargin: auto;\r\n\t\t\t}\r\n\t\t\t#gallery-1 .gallery-item {\r\n\t\t\t\tfloat: left;\r\n\t\t\t\tmargin-top: 10px;\r\n\t\t\t\ttext-align: center;\r\n\t\t\t\twidth: 50%;\r\n\t\t\t}\r\n\t\t\t#gallery-1 img {\r\n\t\t\t\tborder: 2px solid #cfcfcf;\r\n\t\t\t}\r\n\t\t\t#gallery-1 .gallery-caption {\r\n\t\t\t\tmargin-left: 0;\r\n\t\t\t}\r\n\t\t\t\/* see gallery_shortcode() in wp-includes\/media.php *\/\r\n\t\t<\/style>\n\t\t<div id='gallery-1' class='gallery galleryid-7207 gallery-columns-2 gallery-size-medium'><dl class='gallery-item'>\r\n\t\t\t<dt class='gallery-icon landscape'>\r\n\t\t\t\t<a href='https:\/\/www.epefrance.org\/fr\/noticia\/exposicao-dos-50-anos-dos-25-de-abril-no-consulado-geral-de-portugal-em-lyon\/attachment\/expo-25-de-abril-consulado-de-lyon_2\/'><img loading=\"lazy\" decoding=\"async\" width=\"300\" height=\"225\" src=\"https:\/\/www.epefrance.org\/wp-content\/uploads\/2024\/05\/Expo-25-de-Abril-Consulado-de-Lyon_2-300x225.jpg\" class=\"attachment-medium size-medium\" alt=\"\" srcset=\"https:\/\/www.epefrance.org\/wp-content\/uploads\/2024\/05\/Expo-25-de-Abril-Consulado-de-Lyon_2-300x225.jpg 300w, https:\/\/www.epefrance.org\/wp-content\/uploads\/2024\/05\/Expo-25-de-Abril-Consulado-de-Lyon_2-1024x768.jpg 1024w, https:\/\/www.epefrance.org\/wp-content\/uploads\/2024\/05\/Expo-25-de-Abril-Consulado-de-Lyon_2-768x576.jpg 768w, https:\/\/www.epefrance.org\/wp-content\/uploads\/2024\/05\/Expo-25-de-Abril-Consulado-de-Lyon_2-1536x1152.jpg 1536w, https:\/\/www.epefrance.org\/wp-content\/uploads\/2024\/05\/Expo-25-de-Abril-Consulado-de-Lyon_2.jpg 1600w\" sizes=\"auto, (max-width: 300px) 100vw, 300px\" \/><\/a>\r\n\t\t\t<\/dt><\/dl><dl class='gallery-item'>\r\n\t\t\t<dt class='gallery-icon portrait'>\r\n\t\t\t\t<a href='https:\/\/www.epefrance.org\/fr\/noticia\/exposicao-dos-50-anos-dos-25-de-abril-no-consulado-geral-de-portugal-em-lyon\/attachment\/expo-25-de-abril-consulado-de-lyon_3\/'><img loading=\"lazy\" decoding=\"async\" width=\"225\" height=\"300\" src=\"https:\/\/www.epefrance.org\/wp-content\/uploads\/2024\/05\/Expo-25-de-Abril-Consulado-de-Lyon_3-225x300.jpg\" class=\"attachment-medium size-medium\" alt=\"\" srcset=\"https:\/\/www.epefrance.org\/wp-content\/uploads\/2024\/05\/Expo-25-de-Abril-Consulado-de-Lyon_3-225x300.jpg 225w, https:\/\/www.epefrance.org\/wp-content\/uploads\/2024\/05\/Expo-25-de-Abril-Consulado-de-Lyon_3.jpg 480w\" sizes=\"auto, (max-width: 225px) 100vw, 225px\" \/><\/a>\r\n\t\t\t<\/dt><\/dl><br style=\"clear: both\" \/><dl class='gallery-item'>\r\n\t\t\t<dt class='gallery-icon landscape'>\r\n\t\t\t\t<a href='https:\/\/www.epefrance.org\/fr\/noticia\/exposicao-dos-50-anos-dos-25-de-abril-no-consulado-geral-de-portugal-em-lyon\/attachment\/expo-25-de-abril-consulado-de-lyon_4\/'><img loading=\"lazy\" decoding=\"async\" width=\"300\" height=\"225\" src=\"https:\/\/www.epefrance.org\/wp-content\/uploads\/2024\/05\/Expo-25-de-Abril-Consulado-de-Lyon_4-300x225.jpg\" class=\"attachment-medium size-medium\" alt=\"\" srcset=\"https:\/\/www.epefrance.org\/wp-content\/uploads\/2024\/05\/Expo-25-de-Abril-Consulado-de-Lyon_4-300x225.jpg 300w, https:\/\/www.epefrance.org\/wp-content\/uploads\/2024\/05\/Expo-25-de-Abril-Consulado-de-Lyon_4.jpg 640w\" sizes=\"auto, (max-width: 300px) 100vw, 300px\" \/><\/a>\r\n\t\t\t<\/dt><\/dl><dl class='gallery-item'>\r\n\t\t\t<dt class='gallery-icon portrait'>\r\n\t\t\t\t<a href='https:\/\/www.epefrance.org\/fr\/noticia\/exposicao-dos-50-anos-dos-25-de-abril-no-consulado-geral-de-portugal-em-lyon\/attachment\/expo-25-de-abril-consulado-de-lyon_5\/'><img loading=\"lazy\" decoding=\"async\" width=\"225\" height=\"300\" src=\"https:\/\/www.epefrance.org\/wp-content\/uploads\/2024\/05\/Expo-25-de-Abril-Consulado-de-Lyon_5-225x300.jpg\" class=\"attachment-medium size-medium\" alt=\"\" srcset=\"https:\/\/www.epefrance.org\/wp-content\/uploads\/2024\/05\/Expo-25-de-Abril-Consulado-de-Lyon_5-225x300.jpg 225w, https:\/\/www.epefrance.org\/wp-content\/uploads\/2024\/05\/Expo-25-de-Abril-Consulado-de-Lyon_5.jpg 480w\" sizes=\"auto, (max-width: 225px) 100vw, 225px\" \/><\/a>\r\n\t\t\t<\/dt><\/dl><br style=\"clear: both\" \/><dl class='gallery-item'>\r\n\t\t\t<dt class='gallery-icon landscape'>\r\n\t\t\t\t<a href='https:\/\/www.epefrance.org\/fr\/noticia\/exposicao-dos-50-anos-dos-25-de-abril-no-consulado-geral-de-portugal-em-lyon\/attachment\/expo-25-de-abril-consulado-de-lyon_6\/'><img loading=\"lazy\" decoding=\"async\" width=\"300\" height=\"225\" src=\"https:\/\/www.epefrance.org\/wp-content\/uploads\/2024\/05\/Expo-25-de-Abril-Consulado-de-Lyon_6-300x225.jpg\" class=\"attachment-medium size-medium\" alt=\"\" srcset=\"https:\/\/www.epefrance.org\/wp-content\/uploads\/2024\/05\/Expo-25-de-Abril-Consulado-de-Lyon_6-300x225.jpg 300w, https:\/\/www.epefrance.org\/wp-content\/uploads\/2024\/05\/Expo-25-de-Abril-Consulado-de-Lyon_6.jpg 640w\" sizes=\"auto, (max-width: 300px) 100vw, 300px\" \/><\/a>\r\n\t\t\t<\/dt><\/dl><dl class='gallery-item'>\r\n\t\t\t<dt class='gallery-icon portrait'>\r\n\t\t\t\t<a href='https:\/\/www.epefrance.org\/fr\/noticia\/exposicao-dos-50-anos-dos-25-de-abril-no-consulado-geral-de-portugal-em-lyon\/attachment\/expo-25-de-abril-consulado-de-lyon_8\/'><img loading=\"lazy\" decoding=\"async\" width=\"225\" height=\"300\" src=\"https:\/\/www.epefrance.org\/wp-content\/uploads\/2024\/05\/Expo-25-de-Abril-Consulado-de-Lyon_8-225x300.jpg\" class=\"attachment-medium size-medium\" alt=\"\" srcset=\"https:\/\/www.epefrance.org\/wp-content\/uploads\/2024\/05\/Expo-25-de-Abril-Consulado-de-Lyon_8-225x300.jpg 225w, https:\/\/www.epefrance.org\/wp-content\/uploads\/2024\/05\/Expo-25-de-Abril-Consulado-de-Lyon_8.jpg 480w\" sizes=\"auto, (max-width: 225px) 100vw, 225px\" \/><\/a>\r\n\t\t\t<\/dt><\/dl><br style=\"clear: both\" \/><dl class='gallery-item'>\r\n\t\t\t<dt class='gallery-icon landscape'>\r\n\t\t\t\t<a href='https:\/\/www.epefrance.org\/fr\/noticia\/exposicao-dos-50-anos-dos-25-de-abril-no-consulado-geral-de-portugal-em-lyon\/attachment\/expo-25-de-abril-consulado-de-lyon_9\/'><img loading=\"lazy\" decoding=\"async\" width=\"300\" height=\"225\" src=\"https:\/\/www.epefrance.org\/wp-content\/uploads\/2024\/05\/Expo-25-de-Abril-Consulado-de-Lyon_9-300x225.jpg\" class=\"attachment-medium size-medium\" alt=\"\" srcset=\"https:\/\/www.epefrance.org\/wp-content\/uploads\/2024\/05\/Expo-25-de-Abril-Consulado-de-Lyon_9-300x225.jpg 300w, https:\/\/www.epefrance.org\/wp-content\/uploads\/2024\/05\/Expo-25-de-Abril-Consulado-de-Lyon_9.jpg 640w\" sizes=\"auto, (max-width: 300px) 100vw, 300px\" \/><\/a>\r\n\t\t\t<\/dt><\/dl><dl class='gallery-item'>\r\n\t\t\t<dt class='gallery-icon landscape'>\r\n\t\t\t\t<a href='https:\/\/www.epefrance.org\/fr\/noticia\/exposicao-dos-50-anos-dos-25-de-abril-no-consulado-geral-de-portugal-em-lyon\/attachment\/expo-25-de-abril-consulado-de-lyon_10\/'><img loading=\"lazy\" decoding=\"async\" width=\"300\" height=\"225\" src=\"https:\/\/www.epefrance.org\/wp-content\/uploads\/2024\/05\/Expo-25-de-Abril-Consulado-de-Lyon_10-300x225.jpg\" class=\"attachment-medium size-medium\" alt=\"\" srcset=\"https:\/\/www.epefrance.org\/wp-content\/uploads\/2024\/05\/Expo-25-de-Abril-Consulado-de-Lyon_10-300x225.jpg 300w, https:\/\/www.epefrance.org\/wp-content\/uploads\/2024\/05\/Expo-25-de-Abril-Consulado-de-Lyon_10.jpg 640w\" sizes=\"auto, (max-width: 300px) 100vw, 300px\" \/><\/a>\r\n\t\t\t<\/dt><\/dl><br style=\"clear: both\" \/><\/div>\n\n<\/div>\n<p>&nbsp;<\/p>\n<p><img loading=\"lazy\" decoding=\"async\" class=\"aligncenter wp-image-7212 \" src=\"https:\/\/www.epefrance.org\/wp-content\/uploads\/2024\/05\/Expo-25-de-Abril-Consulado-de-Lyon_7.jpg\" alt=\"\" width=\"400\" height=\"300\" srcset=\"https:\/\/www.epefrance.org\/wp-content\/uploads\/2024\/05\/Expo-25-de-Abril-Consulado-de-Lyon_7.jpg 640w, https:\/\/www.epefrance.org\/wp-content\/uploads\/2024\/05\/Expo-25-de-Abril-Consulado-de-Lyon_7-300x225.jpg 300w\" sizes=\"auto, (max-width: 400px) 100vw, 400px\" \/><\/p>\n<p>&nbsp;<\/p>\n<p>Os professores da zona de Lyon<\/p>\n","protected":false},"excerpt":{"rendered":"<p>No dia 15 de abril, os professores da zona de Lyon, Catarina Martins, Cristelle Patr\u00edcio, Cristina S\u00e9rio, Lu\u00eds Viveiros Nair Ferreira, Raquel Nicolau, S\u00e9rgio Vieira e S\u00edlvia Paredes organizaram, com o apoio do Sr. C\u00f4nsul Geral, Andr\u00e9 Sobral Cordeiro, uma exposi\u00e7\u00e3o sobre os \u00ab\u00a050 anos do 25 de abril\u00a0\u00bb com os trabalhos elaborados pelos seus [&hellip;]<\/p>\n","protected":false},"author":2,"featured_media":7218,"comment_status":"open","ping_status":"closed","sticky":false,"template":"","format":"standard","meta":{"_acf_changed":false,"footnotes":""},"categories":[39],"tags":[],"class_list":["post-7207","post","type-post","status-publish","format-standard","has-post-thumbnail","hentry","category-noticia"],"acf":[],"_links":{"self":[{"href":"https:\/\/www.epefrance.org\/fr\/wp-json\/wp\/v2\/posts\/7207","targetHints":{"allow":["GET"]}}],"collection":[{"href":"https:\/\/www.epefrance.org\/fr\/wp-json\/wp\/v2\/posts"}],"about":[{"href":"https:\/\/www.epefrance.org\/fr\/wp-json\/wp\/v2\/types\/post"}],"author":[{"embeddable":true,"href":"https:\/\/www.epefrance.org\/fr\/wp-json\/wp\/v2\/users\/2"}],"replies":[{"embeddable":true,"href":"https:\/\/www.epefrance.org\/fr\/wp-json\/wp\/v2\/comments?post=7207"}],"version-history":[{"count":4,"href":"https:\/\/www.epefrance.org\/fr\/wp-json\/wp\/v2\/posts\/7207\/revisions"}],"predecessor-version":[{"id":7309,"href":"https:\/\/www.epefrance.org\/fr\/wp-json\/wp\/v2\/posts\/7207\/revisions\/7309"}],"wp:featuredmedia":[{"embeddable":true,"href":"https:\/\/www.epefrance.org\/fr\/wp-json\/wp\/v2\/media\/7218"}],"wp:attachment":[{"href":"https:\/\/www.epefrance.org\/fr\/wp-json\/wp\/v2\/media?parent=7207"}],"wp:term":[{"taxonomy":"category","embeddable":true,"href":"https:\/\/www.epefrance.org\/fr\/wp-json\/wp\/v2\/categories?post=7207"},{"taxonomy":"post_tag","embeddable":true,"href":"https:\/\/www.epefrance.org\/fr\/wp-json\/wp\/v2\/tags?post=7207"}],"curies":[{"name":"wp","href":"https:\/\/api.w.org\/{rel}","templated":true}]}}