{"id":7545,"date":"2025-05-19T14:18:11","date_gmt":"2025-05-19T14:18:11","guid":{"rendered":"https:\/\/www.epefrance.org\/?p=7545"},"modified":"2025-09-01T08:45:25","modified_gmt":"2025-09-01T08:45:25","slug":"procedimento-concursal-epe-2025-professor","status":"publish","type":"post","link":"https:\/\/www.epefrance.org\/fr\/procedimentos-concursais-epe-geral\/procedimento-concursal-epe-2025-professor\/","title":{"rendered":"Procedimento Concursal EPE 2025 \u2013 Professor"},"content":{"rendered":"<p><strong>Procedimento concursal Ensino do Portugu\u00eas no Estrangeiro &#8211; Professor<\/strong><\/p>\n<p>Procedimento concursal para constitui\u00e7\u00e3o de reserva de recrutamento para o cargo de professor, compreendendo os n\u00edveis da educa\u00e7\u00e3o pr\u00e9-escolar, do ensino b\u00e1sico (1.\u00ba, 2.\u00ba e 3.\u00ba ciclos) e do ensino secund\u00e1rio, aberto pelo<strong> Aviso n.\u00ba 12543\/2025\/2, de 16 de maio de 2025.<\/strong><\/p>\n<p><strong>O per\u00edodo para apresenta\u00e7\u00e3o de candidaturas \u00e9 de 10 dias \u00fateis e decorrer\u00e1 entre as 0h00m de 19 de maio e as 24h00 de dia 30 de maio de 2025.<\/strong><\/p>\n<p>Toda a informa\u00e7\u00e3o est\u00e1 dispon\u00edvel no site do Cam\u00f5es, I.P.:<\/p>\n<p><a href=\"https:\/\/www.instituto-camoes.pt\/activity\/o-que-fazemos\/ensinar-portugues\/processos-de-recrutamento\/procedimentos-concursais-epe\" target=\"_blank\" rel=\"noopener\">https:\/\/www.instituto-camoes.pt\/activity\/o-que-fazemos\/ensinar-portugues\/processos-de-recrutamento\/procedimentos-concursais-epe<\/a><\/p>\n<p>&nbsp;<\/p>\n","protected":false},"excerpt":{"rendered":"<p>Procedimento concursal Ensino do Portugu\u00eas no Estrangeiro &#8211; Professor Procedimento concursal para constitui\u00e7\u00e3o de reserva de recrutamento para o cargo de professor, compreendendo os n\u00edveis da educa\u00e7\u00e3o pr\u00e9-escolar, do ensino b\u00e1sico (1.\u00ba, 2.\u00ba e 3.\u00ba ciclos) e do ensino secund\u00e1rio, aberto pelo Aviso n.\u00ba 12543\/2025\/2, de 16 de maio de 2025. O per\u00edodo para apresenta\u00e7\u00e3o [&hellip;]<\/p>\n","protected":false},"author":2,"featured_media":6610,"comment_status":"open","ping_status":"closed","sticky":false,"template":"","format":"standard","meta":{"_acf_changed":false,"footnotes":""},"categories":[25],"tags":[],"class_list":["post-7545","post","type-post","status-publish","format-standard","has-post-thumbnail","hentry","category-procedimentos-concursais-epe-geral"],"acf":[],"_links":{"self":[{"href":"https:\/\/www.epefrance.org\/fr\/wp-json\/wp\/v2\/posts\/7545","targetHints":{"allow":["GET"]}}],"collection":[{"href":"https:\/\/www.epefrance.org\/fr\/wp-json\/wp\/v2\/posts"}],"about":[{"href":"https:\/\/www.epefrance.org\/fr\/wp-json\/wp\/v2\/types\/post"}],"author":[{"embeddable":true,"href":"https:\/\/www.epefrance.org\/fr\/wp-json\/wp\/v2\/users\/2"}],"replies":[{"embeddable":true,"href":"https:\/\/www.epefrance.org\/fr\/wp-json\/wp\/v2\/comments?post=7545"}],"version-history":[{"count":6,"href":"https:\/\/www.epefrance.org\/fr\/wp-json\/wp\/v2\/posts\/7545\/revisions"}],"predecessor-version":[{"id":7637,"href":"https:\/\/www.epefrance.org\/fr\/wp-json\/wp\/v2\/posts\/7545\/revisions\/7637"}],"wp:featuredmedia":[{"embeddable":true,"href":"https:\/\/www.epefrance.org\/fr\/wp-json\/wp\/v2\/media\/6610"}],"wp:attachment":[{"href":"https:\/\/www.epefrance.org\/fr\/wp-json\/wp\/v2\/media?parent=7545"}],"wp:term":[{"taxonomy":"category","embeddable":true,"href":"https:\/\/www.epefrance.org\/fr\/wp-json\/wp\/v2\/categories?post=7545"},{"taxonomy":"post_tag","embeddable":true,"href":"https:\/\/www.epefrance.org\/fr\/wp-json\/wp\/v2\/tags?post=7545"}],"curies":[{"name":"wp","href":"https:\/\/api.w.org\/{rel}","templated":true}]}}