{"id":7638,"date":"2025-09-01T08:57:08","date_gmt":"2025-09-01T08:57:08","guid":{"rendered":"https:\/\/www.epefrance.org\/?p=7638"},"modified":"2026-02-27T15:10:18","modified_gmt":"2026-02-27T15:10:18","slug":"segunda-fase-de-inscricoes-renovacoes-no-ensino-associativo","status":"publish","type":"post","link":"https:\/\/www.epefrance.org\/fr\/ensino-associativo\/segunda-fase-de-inscricoes-renovacoes-no-ensino-associativo\/","title":{"rendered":"Segunda fase de inscri\u00e7\u00f5es\/renova\u00e7\u00f5es no Ensino Associativo 2026\/2027"},"content":{"rendered":"<div class=\"main-content\">\n<p><span style=\"color: #000000;\">O Cam\u00f5es I.P. coloca professores em <a style=\"color: #000000;\" href=\"https:\/\/www.epefrance.org\/wp-content\/uploads\/2025\/09\/Rede-cursos-AES-2025-26-Site-Web-CEPE.pdf\" target=\"_blank\" rel=\"noopener\">associa\u00e7\u00f5es<\/a> para lecionar cursos de portugu\u00eas em localidades onde n\u00e3o existe nos <em>coll\u00e8ges<\/em> e <em>lyc\u00e9es<\/em>. Os programas lecionados nestes cursos seguem o <a style=\"color: #000000;\" href=\"https:\/\/www.dge.mec.pt\/quadro-europeu-comum-de-referencia-para-linguas\" target=\"_blank\" rel=\"noopener\">quadro europeu comum de refer\u00eancia para as l\u00ednguas<\/a> (CECRL). Os alunos podem obter um certificado de n\u00edvel de profici\u00eancia de l\u00edngua reconhecido oficialmente na Europa, realizando um exame de certifica\u00e7\u00e3o. Estes exames s\u00e3o da responsabilidade do Cam\u00f5es I.P. e do Minist\u00e9rio da educa\u00e7\u00e3o portugu\u00eas e realizam-se anualmente em Fran\u00e7a, nas regi\u00f5es onde h\u00e1 candidatos<\/span><\/p>\n<\/div>\n<p><span style=\"color: #ab0505;\"><strong>A segunda fase de inscri\u00e7\u00f5es para o ensino associativo, para o ano letivo 2025\/2026, encontra-se aberta e decorre at\u00e9 ao dia 25 de setembro.<\/strong><\/span><\/p>\n<p><span style=\"color: #000000;\">Como efetuar a inscri\u00e7\u00e3o? Como efetuar a renova\u00e7\u00e3o? Quem se pode inscrever?<\/span><\/p>\n<p><span style=\"color: #000000;\"><strong>Nova Inscri\u00e7\u00e3o<\/strong><\/span><br \/>\n<span style=\"color: #000000;\">A nova inscri\u00e7\u00e3o deve ser realizada junto do professor de Portugu\u00eas ou enviada \u00e0 Coordena\u00e7\u00e3o do Ensino (cepe.franca@camoes.mne.pt). Se optar por enviar a inscri\u00e7\u00e3o para a Coordena\u00e7\u00e3o do Ensino, pode encontrar o formul\u00e1rio de inscri\u00e7\u00e3o na seguinte hiperliga\u00e7\u00e3o: <strong><a style=\"color: #000000;\" href=\"https:\/\/www.epefrance.org\/wp-content\/uploads\/2025\/03\/Formulario-Inscricao-AES-2025-2026.pdf\" target=\"_blank\" rel=\"noopener\">Formul\u00e1rio de inscri\u00e7\u00e3o para o ensino associativo \u2013 \u00a0ano letivo 2025\/2026<\/a><\/strong><\/span><\/p>\n<p><span style=\"color: #000000;\"><strong>Renova\u00e7\u00e3o<\/strong><\/span><br \/>\n<span style=\"color: #000000;\">Solicite ao professor de Portugu\u00eas que renove a inscri\u00e7\u00e3o do seu educando.<\/span><\/p>\n<p style=\"font-weight: 400;\">\n","protected":false},"excerpt":{"rendered":"<p>O Cam\u00f5es I.P. coloca professores em associa\u00e7\u00f5es para lecionar cursos de portugu\u00eas em localidades onde n\u00e3o existe nos coll\u00e8ges e lyc\u00e9es. Os programas lecionados nestes cursos seguem o quadro europeu comum de refer\u00eancia para as l\u00ednguas (CECRL). Os alunos podem obter um certificado de n\u00edvel de profici\u00eancia de l\u00edngua reconhecido oficialmente na Europa, realizando um [&hellip;]<\/p>\n","protected":false},"author":2,"featured_media":7640,"comment_status":"open","ping_status":"closed","sticky":false,"template":"","format":"standard","meta":{"_acf_changed":false,"footnotes":""},"categories":[63],"tags":[],"class_list":["post-7638","post","type-post","status-publish","format-standard","has-post-thumbnail","hentry","category-ensino-associativo"],"acf":[],"_links":{"self":[{"href":"https:\/\/www.epefrance.org\/fr\/wp-json\/wp\/v2\/posts\/7638","targetHints":{"allow":["GET"]}}],"collection":[{"href":"https:\/\/www.epefrance.org\/fr\/wp-json\/wp\/v2\/posts"}],"about":[{"href":"https:\/\/www.epefrance.org\/fr\/wp-json\/wp\/v2\/types\/post"}],"author":[{"embeddable":true,"href":"https:\/\/www.epefrance.org\/fr\/wp-json\/wp\/v2\/users\/2"}],"replies":[{"embeddable":true,"href":"https:\/\/www.epefrance.org\/fr\/wp-json\/wp\/v2\/comments?post=7638"}],"version-history":[{"count":8,"href":"https:\/\/www.epefrance.org\/fr\/wp-json\/wp\/v2\/posts\/7638\/revisions"}],"predecessor-version":[{"id":7853,"href":"https:\/\/www.epefrance.org\/fr\/wp-json\/wp\/v2\/posts\/7638\/revisions\/7853"}],"wp:featuredmedia":[{"embeddable":true,"href":"https:\/\/www.epefrance.org\/fr\/wp-json\/wp\/v2\/media\/7640"}],"wp:attachment":[{"href":"https:\/\/www.epefrance.org\/fr\/wp-json\/wp\/v2\/media?parent=7638"}],"wp:term":[{"taxonomy":"category","embeddable":true,"href":"https:\/\/www.epefrance.org\/fr\/wp-json\/wp\/v2\/categories?post=7638"},{"taxonomy":"post_tag","embeddable":true,"href":"https:\/\/www.epefrance.org\/fr\/wp-json\/wp\/v2\/tags?post=7638"}],"curies":[{"name":"wp","href":"https:\/\/api.w.org\/{rel}","templated":true}]}}